{"id":4088,"date":"2026-01-12T15:51:35","date_gmt":"2026-01-12T14:51:35","guid":{"rendered":"https:\/\/www.fftt.com\/observatoire\/?p=4088"},"modified":"2026-01-12T15:51:35","modified_gmt":"2026-01-12T14:51:35","slug":"ttsc-saumur-communication-debut-de-saison","status":"publish","type":"post","link":"https:\/\/www.fftt.com\/observatoire\/ttsc-saumur-communication-debut-de-saison\/","title":{"rendered":"TTSC saumur &#8211; Communication d\u00e9but de saison"},"content":{"rendered":"<div class='watch-action'><div class='watch-position align-right'><div class='action-like'><a class='lbg-style1 like-4088 jlk' href='javascript:void(0)' data-task='like' data-post_id='4088' data-nonce='0a220ac3fb' rel='nofollow'><img class='wti-pixel' src='https:\/\/www.fftt.com\/observatoire\/wp-content\/plugins\/wti-like-post\/images\/pixel.gif' title='J&#039;aime' \/><span class='lc-4088 lc'>0<\/span><\/a><\/div><div class='action-unlike'><a class='unlbg-style1 unlike-4088 jlk' href='javascript:void(0)' data-task='unlike' data-post_id='4088' data-nonce='0a220ac3fb' rel='nofollow'><img class='wti-pixel' src='https:\/\/www.fftt.com\/observatoire\/wp-content\/plugins\/wti-like-post\/images\/pixel.gif' title='Je n&#039;aime pas' \/><span class='unlc-4088 unlc'>0<\/span><\/a><\/div> <\/div> <div class='status-4088 status align-right'><\/div><\/div><div class='wti-clear'><\/div><p>[et_pb_section fb_built=\u00a0\u00bb1&Prime; theme_builder_area=\u00a0\u00bbpost_content\u00a0\u00bb _builder_version=\u00a0\u00bb4.27.4&Prime; _module_preset=\u00a0\u00bbdefault\u00a0\u00bb][et_pb_row _builder_version=\u00a0\u00bb4.27.4&Prime; _module_preset=\u00a0\u00bbdefault\u00a0\u00bb theme_builder_area=\u00a0\u00bbpost_content\u00a0\u00bb column_structure=\u00a0\u00bb3_5,2_5&Prime;][et_pb_column _builder_version=\u00a0\u00bb4.27.4&Prime; _module_preset=\u00a0\u00bbdefault\u00a0\u00bb type=\u00a0\u00bb3_5&Prime; theme_builder_area=\u00a0\u00bbpost_content\u00a0\u00bb][et_pb_text _builder_version=\u00a0\u00bb4.27.4&Prime; _module_preset=\u00a0\u00bbdefault\u00a0\u00bb theme_builder_area=\u00a0\u00bbpost_content\u00a0\u00bb hover_enabled=\u00a0\u00bb0&Prime; sticky_enabled=\u00a0\u00bb0&Prime;]<\/p>\n<p><strong>Responsable de l\u2019action : Hervieux<\/strong><\/p>\n<p><strong>Structure : TTSC saumur<\/strong><\/p>\n<p><strong>Nom de l\u2019action : Communication d\u00e9but de saison<\/strong><\/p>\n<p>&nbsp;<\/p>\n<p><strong>Objectifs recherch\u00e9s \u2013 Publics cibles :\u00a0<\/strong><\/p>\n<p><strong>\u00a0<\/strong><\/p>\n<p>27\/08 porte ouverte \u00e0 la salle de tennis de table<\/p>\n<p>6\/09 pr\u00e9sence forum des sports galerie marchande Leclerc<\/p>\n<p>13\/09 participation au forum ville des associations de Saumur<\/p>\n<p>&nbsp;<\/p>\n<p><strong>Ressources humaines et mat\u00e9rielles mobilis\u00e9es<\/strong>\u00a0:<\/p>\n<p>Membres du bureau b\u00e9n\u00e9voles du club.<\/p>\n<p>&nbsp;<\/p>\n<p><strong>R\u00e9sultats obtenus :<\/strong><\/p>\n<p>15 visiteurs lors de la porte ouverte<\/p>\n<p>23 contacts au forum des sports leclerc<\/p>\n<p>17 contacts au forum des associations<\/p>\n<p>&nbsp;<\/p>\n<p><a href=\"https:\/\/www.fftt.com\/observatoire\/wp-content\/uploads\/2026\/01\/Saumur-TTSC-Communication-debut-de-saison.pdf\" target=\"_blank\" rel=\"noopener\" title=\"Communication d\u00e9but de saison\"><strong><u>Lien vers la fiche \u00e0 t\u00e9l\u00e9charger<\/u><\/strong><\/a><\/p>\n<p>[\/et_pb_text][\/et_pb_column][et_pb_column _builder_version=\u00a0\u00bb4.27.4&Prime; _module_preset=\u00a0\u00bbdefault\u00a0\u00bb type=\u00a0\u00bb2_5&Prime; theme_builder_area=\u00a0\u00bbpost_content\u00a0\u00bb][et_pb_image src=\u00a0\u00bbhttps:\/\/www.fftt.com\/observatoire\/wp-content\/uploads\/2026\/01\/Saumur-TTSC-Communication-debut-de-saison-1.png\u00a0\u00bb _builder_version=\u00a0\u00bb4.27.4&Prime; _module_preset=\u00a0\u00bbdefault\u00a0\u00bb theme_builder_area=\u00a0\u00bbpost_content\u00a0\u00bb title_text=\u00a0\u00bbSaumur TTSC &#8211; Communication d\u00e9but de saison-1&Prime; url=\u00a0\u00bbhttps:\/\/www.fftt.com\/observatoire\/wp-content\/uploads\/2026\/01\/Saumur-TTSC-Communication-debut-de-saison.pdf\u00a0\u00bb hover_enabled=\u00a0\u00bb0&Prime; sticky_enabled=\u00a0\u00bb0&Prime;][\/et_pb_image][\/et_pb_column][\/et_pb_row][\/et_pb_section]<\/p>\n","protected":false},"excerpt":{"rendered":"<p>Responsable de l\u2019action : Hervieux Structure : TTSC saumur Nom de l\u2019action : Communication d\u00e9but de saison &nbsp; Objectifs recherch\u00e9s \u2013 Publics cibles :\u00a0 \u00a0 27\/08 porte ouverte \u00e0 la salle de tennis de table 6\/09 pr\u00e9sence forum des sports galerie marchande Leclerc 13\/09 participation au forum ville des associations de Saumur &nbsp; Ressources humaines [&hellip;]<\/p>\n","protected":false},"author":6,"featured_media":0,"comment_status":"closed","ping_status":"closed","sticky":false,"template":"","format":"standard","meta":{"_et_pb_use_builder":"on","_et_pb_old_content":"","_et_gb_content_width":"","footnotes":""},"categories":[180,181],"tags":[264,143],"post_folder":[],"class_list":["post-4088","post","type-post","status-publish","format-standard","hentry","category-ping-actif","category-ping-inclusif","tag-communication","tag-promotion"],"_links":{"self":[{"href":"https:\/\/www.fftt.com\/observatoire\/wp-json\/wp\/v2\/posts\/4088","targetHints":{"allow":["GET"]}}],"collection":[{"href":"https:\/\/www.fftt.com\/observatoire\/wp-json\/wp\/v2\/posts"}],"about":[{"href":"https:\/\/www.fftt.com\/observatoire\/wp-json\/wp\/v2\/types\/post"}],"author":[{"embeddable":true,"href":"https:\/\/www.fftt.com\/observatoire\/wp-json\/wp\/v2\/users\/6"}],"replies":[{"embeddable":true,"href":"https:\/\/www.fftt.com\/observatoire\/wp-json\/wp\/v2\/comments?post=4088"}],"version-history":[{"count":3,"href":"https:\/\/www.fftt.com\/observatoire\/wp-json\/wp\/v2\/posts\/4088\/revisions"}],"predecessor-version":[{"id":4093,"href":"https:\/\/www.fftt.com\/observatoire\/wp-json\/wp\/v2\/posts\/4088\/revisions\/4093"}],"wp:attachment":[{"href":"https:\/\/www.fftt.com\/observatoire\/wp-json\/wp\/v2\/media?parent=4088"}],"wp:term":[{"taxonomy":"category","embeddable":true,"href":"https:\/\/www.fftt.com\/observatoire\/wp-json\/wp\/v2\/categories?post=4088"},{"taxonomy":"post_tag","embeddable":true,"href":"https:\/\/www.fftt.com\/observatoire\/wp-json\/wp\/v2\/tags?post=4088"},{"taxonomy":"post_folder","embeddable":true,"href":"https:\/\/www.fftt.com\/observatoire\/wp-json\/wp\/v2\/post_folder?post=4088"}],"curies":[{"name":"wp","href":"https:\/\/api.w.org\/{rel}","templated":true}]}}