{"id":4137,"date":"2026-01-13T15:14:50","date_gmt":"2026-01-13T14:14:50","guid":{"rendered":"https:\/\/www.fftt.com\/observatoire\/?p=4137"},"modified":"2026-01-13T15:14:50","modified_gmt":"2026-01-13T14:14:50","slug":"tt-albertville-ping-en-faveur-de-linclusion","status":"publish","type":"post","link":"https:\/\/www.fftt.com\/observatoire\/tt-albertville-ping-en-faveur-de-linclusion\/","title":{"rendered":"TT ALBERTVILLE : Ping en faveur de l&rsquo;inclusion"},"content":{"rendered":"<div class='watch-action'><div class='watch-position align-right'><div class='action-like'><a class='lbg-style1 like-4137 jlk' href='javascript:void(0)' data-task='like' data-post_id='4137' data-nonce='0a220ac3fb' rel='nofollow'><img class='wti-pixel' src='https:\/\/www.fftt.com\/observatoire\/wp-content\/plugins\/wti-like-post\/images\/pixel.gif' title='J&#039;aime' \/><span class='lc-4137 lc'>0<\/span><\/a><\/div><div class='action-unlike'><a class='unlbg-style1 unlike-4137 jlk' href='javascript:void(0)' data-task='unlike' data-post_id='4137' data-nonce='0a220ac3fb' rel='nofollow'><img class='wti-pixel' src='https:\/\/www.fftt.com\/observatoire\/wp-content\/plugins\/wti-like-post\/images\/pixel.gif' title='Je n&#039;aime pas' \/><span class='unlc-4137 unlc'>0<\/span><\/a><\/div> <\/div> <div class='status-4137 status align-right'><\/div><\/div><div class='wti-clear'><\/div><p>[et_pb_section fb_built=\u00a0\u00bb1&Prime; theme_builder_area=\u00a0\u00bbpost_content\u00a0\u00bb _builder_version=\u00a0\u00bb4.27.4&Prime; _module_preset=\u00a0\u00bbdefault\u00a0\u00bb][et_pb_row _builder_version=\u00a0\u00bb4.27.4&Prime; _module_preset=\u00a0\u00bbdefault\u00a0\u00bb theme_builder_area=\u00a0\u00bbpost_content\u00a0\u00bb column_structure=\u00a0\u00bb3_5,2_5&Prime;][et_pb_column _builder_version=\u00a0\u00bb4.27.4&Prime; _module_preset=\u00a0\u00bbdefault\u00a0\u00bb type=\u00a0\u00bb3_5&Prime; theme_builder_area=\u00a0\u00bbpost_content\u00a0\u00bb][et_pb_text _builder_version=\u00a0\u00bb4.27.4&Prime; _module_preset=\u00a0\u00bbdefault\u00a0\u00bb theme_builder_area=\u00a0\u00bbpost_content\u00a0\u00bb hover_enabled=\u00a0\u00bb0&Prime; sticky_enabled=\u00a0\u00bb0&Prime;]<\/p>\n<p><strong>Responsable de l\u2019action : MOCCI Alain<\/strong><\/p>\n<p><strong>Structure : TT ALBERTVILLE<\/strong><\/p>\n<p><strong>Nom de l\u2019action : Ping en faveur de l&rsquo;inclusion<\/strong><\/p>\n<p>&nbsp;<\/p>\n<p><strong>Objectifs recherch\u00e9s \u2013 Publics cibles :\u00a0<\/strong><\/p>\n<p><strong>\u00a0<\/strong><\/p>\n<p>Promotion, d\u00e9tection de personnes en situation de handicap.<\/p>\n<p>Mise en place de s\u00e9ances d&rsquo;animations.<\/p>\n<p>&nbsp;<\/p>\n<p><strong>Ressources humaines et mat\u00e9rielles mobilis\u00e9es<\/strong>\u00a0:<\/p>\n<p>&#8211; Notre entra\u00eeneur Melle BOISSON, dipl\u00f4m\u00e9e DEJEPS en 2007 au CREPS \u00e0 Montpellier + dipl\u00f4me initiateur f\u00e9d\u00e9ral Handisport option tennis de table le 13\/05\/2014.<\/p>\n<p>&#8211; Une \u00e9quipe de 5 b\u00e9n\u00e9voles ayant suivi un module d&rsquo;initiation \u00e0 l&rsquo;encadrement de personnes en situation de handicap avec le Comit\u00e9 handisport de Savoie qui travaillent en coordination avec Melle BOISSON.\u00a0<\/p>\n<p>&nbsp;<\/p>\n<p><strong>R\u00e9sultats obtenus :<\/strong><\/p>\n<p>Depuis la cr\u00e9ation de nos deux sections handisport et sport adapt\u00e9 nous avons un effectif stable de 20 \u00e0 24 personnes en sport Adapt\u00e9 (plus faciles \u00e0 fid\u00e9liser avec nos relations avec les \u00e9tablissements sp\u00e9cialis\u00e9s qui connaissent notre fa\u00e7on de fonctionner). Avec le ping handisport et la possibilit\u00e9 de licences loisirs multi- activit\u00e9s, le travail que nous menons en coordination avec le club handisport nous permet de nous d\u00e9velopper mais essentiellement en loisir .\u00a0\u00a0<\/p>\n<p>&nbsp;<\/p>\n<p><a href=\"https:\/\/www.fftt.com\/observatoire\/wp-content\/uploads\/2026\/01\/TT-Albertville-inclusion-handi-et-SA.pdf\" target=\"_blank\" rel=\"noopener\" title=\"Ping en faveur de l'inclusion\"><strong><u>Lien vers la fiche \u00e0 t\u00e9l\u00e9charger<\/u><\/strong><\/a><\/p>\n<p>[\/et_pb_text][\/et_pb_column][et_pb_column _builder_version=\u00a0\u00bb4.27.4&Prime; _module_preset=\u00a0\u00bbdefault\u00a0\u00bb type=\u00a0\u00bb2_5&Prime; theme_builder_area=\u00a0\u00bbpost_content\u00a0\u00bb][et_pb_image src=\u00a0\u00bbhttps:\/\/www.fftt.com\/observatoire\/wp-content\/uploads\/2026\/01\/TT-Albertville-inclusion-handi-et-SA-1.png\u00a0\u00bb _builder_version=\u00a0\u00bb4.27.4&Prime; _module_preset=\u00a0\u00bbdefault\u00a0\u00bb theme_builder_area=\u00a0\u00bbpost_content\u00a0\u00bb title_text=\u00a0\u00bbTT Albertville &#8211; inclusion handi et SA-1&Prime; url=\u00a0\u00bbhttps:\/\/www.fftt.com\/observatoire\/wp-content\/uploads\/2026\/01\/TT-Albertville-inclusion-handi-et-SA.pdf\u00a0\u00bb hover_enabled=\u00a0\u00bb0&Prime; sticky_enabled=\u00a0\u00bb0&Prime;][\/et_pb_image][\/et_pb_column][\/et_pb_row][\/et_pb_section]<\/p>\n","protected":false},"excerpt":{"rendered":"<p>Responsable de l\u2019action : MOCCI Alain Structure : TT ALBERTVILLE Nom de l\u2019action : Ping en faveur de l&rsquo;inclusion &nbsp; Objectifs recherch\u00e9s \u2013 Publics cibles :\u00a0 \u00a0 Promotion, d\u00e9tection de personnes en situation de handicap. Mise en place de s\u00e9ances d&rsquo;animations. &nbsp; Ressources humaines et mat\u00e9rielles mobilis\u00e9es\u00a0: &#8211; Notre entra\u00eeneur Melle BOISSON, dipl\u00f4m\u00e9e DEJEPS en [&hellip;]<\/p>\n","protected":false},"author":6,"featured_media":0,"comment_status":"closed","ping_status":"closed","sticky":false,"template":"","format":"standard","meta":{"_et_pb_use_builder":"on","_et_pb_old_content":"","_et_gb_content_width":"","footnotes":""},"categories":[195,181],"tags":[268,322,294],"post_folder":[],"class_list":["post-4137","post","type-post","status-publish","format-standard","hentry","category-ping-handi","category-ping-inclusif","tag-inclusion","tag-ping-adapte","tag-ping-handi"],"_links":{"self":[{"href":"https:\/\/www.fftt.com\/observatoire\/wp-json\/wp\/v2\/posts\/4137","targetHints":{"allow":["GET"]}}],"collection":[{"href":"https:\/\/www.fftt.com\/observatoire\/wp-json\/wp\/v2\/posts"}],"about":[{"href":"https:\/\/www.fftt.com\/observatoire\/wp-json\/wp\/v2\/types\/post"}],"author":[{"embeddable":true,"href":"https:\/\/www.fftt.com\/observatoire\/wp-json\/wp\/v2\/users\/6"}],"replies":[{"embeddable":true,"href":"https:\/\/www.fftt.com\/observatoire\/wp-json\/wp\/v2\/comments?post=4137"}],"version-history":[{"count":3,"href":"https:\/\/www.fftt.com\/observatoire\/wp-json\/wp\/v2\/posts\/4137\/revisions"}],"predecessor-version":[{"id":4141,"href":"https:\/\/www.fftt.com\/observatoire\/wp-json\/wp\/v2\/posts\/4137\/revisions\/4141"}],"wp:attachment":[{"href":"https:\/\/www.fftt.com\/observatoire\/wp-json\/wp\/v2\/media?parent=4137"}],"wp:term":[{"taxonomy":"category","embeddable":true,"href":"https:\/\/www.fftt.com\/observatoire\/wp-json\/wp\/v2\/categories?post=4137"},{"taxonomy":"post_tag","embeddable":true,"href":"https:\/\/www.fftt.com\/observatoire\/wp-json\/wp\/v2\/tags?post=4137"},{"taxonomy":"post_folder","embeddable":true,"href":"https:\/\/www.fftt.com\/observatoire\/wp-json\/wp\/v2\/post_folder?post=4137"}],"curies":[{"name":"wp","href":"https:\/\/api.w.org\/{rel}","templated":true}]}}